{"id":245,"date":"2015-04-26T00:20:56","date_gmt":"2015-04-25T22:20:56","guid":{"rendered":"http:\/\/www.gerardbresson.fr\/?p=245"},"modified":"2019-04-15T12:27:54","modified_gmt":"2019-04-15T10:27:54","slug":"bienvenue","status":"publish","type":"post","link":"http:\/\/www.gerardbresson.fr\/?p=245","title":{"rendered":"Je sculpte !"},"content":{"rendered":"<p>Je vous ai sculpt\u00e9 ce petit texte comme l\u2019on taille une mini jupe&nbsp;: assez court pour retenir votre attention, juste assez long pour recouvrir l\u2019essentiel.<\/p>\n<p>Allons donc directement \u00e0 l\u2019essentiel.<\/p>\n<p>Je sculpte, p\u00e9renne ou \u00e9ph\u00e9m\u00e8re, noble ou d\u00e9risoire, la MATIERE.<\/p>\n<p>Je la malaxe, je la contrains. Elle est ma mati\u00e8re grise, l\u2019argile de ma pens\u00e9e.<\/p>\n<p>Je converse avec elle. L\u2019assemble, la moule et la mod\u00e8le.<\/p>\n<p>Je d\u00e9couvre la terre, sa sensualit\u00e9 et l\u2019infini plaisir \u00e0 faire surgir la femme sous les caresses du modelage.<\/p>\n<p>Les mains restent fig\u00e9es si le c\u0153ur n\u2019a rien \u00e0 dire. Le v\u00e9cu doit parcourir l\u2019\u0153uvre en train de na\u00eetre, impr\u00e9gner chaque boulette de terre, chaque particule par le geste&nbsp;; alors, la sensibilit\u00e9 de l\u2019instant se dissout, s\u2019incruste dans la terre model\u00e9e et parvient \u00e0 transmettre les sentiments muets et les pens\u00e9es les plus profondes. Donner vie \u00e0 la sculpture, lui insuffler un petit er&#8230;ros. C\u2019est difficile Et la parfois votre petit h\u00e9ros tique\u2026<\/p>\n<p>\u00c0 partir d\u2019un bout de glaise Dieu, dit-on fa\u00e7onna Eve et bien moi serrant la dent, je tente d\u2019assurer la re l\u2019Eve.<\/p>\n<p>La femme que je montre, quelle que soit la forme finale de son apparence, devient unique et indispensable par la magie sensible de la position, par la d\u00e9licate sensualit\u00e9 de l\u2019atmosph\u00e8re et par la naturelle l\u00e9g\u00e8ret\u00e9 de la situation.<\/p>\n<p>Cette chasse \u00e0 corps que je vous invite \u00e0 suivre&nbsp; n\u2019&nbsp;est qu\u2019une recherche de la beaut\u00e9, Non pas celle d\u2019une esth\u00e9tique ou de canons, mais la beaut\u00e9 que seul le regard amoureux peut d\u00e9celer.<\/p>\n","protected":false},"excerpt":{"rendered":"<p>Je vous ai sculpt\u00e9 ce petit texte comme l\u2019on taille une mini jupe&nbsp;: assez court pour retenir votre attention, juste assez long pour recouvrir l\u2019essentiel. Allons donc directement \u00e0 l\u2019essentiel. Je sculpte, p\u00e9renne ou \u00e9ph\u00e9m\u00e8re, noble ou d\u00e9risoire, la MATIERE. &hellip; <a href=\"http:\/\/www.gerardbresson.fr\/?p=245\">Continuer la lecture <span class=\"meta-nav\">&rarr;<\/span><\/a><\/p>\n","protected":false},"author":1,"featured_media":0,"comment_status":"closed","ping_status":"open","sticky":false,"template":"","format":"standard","meta":[],"categories":[1],"tags":[12,11,5,13,7,6],"_links":{"self":[{"href":"http:\/\/www.gerardbresson.fr\/index.php?rest_route=\/wp\/v2\/posts\/245"}],"collection":[{"href":"http:\/\/www.gerardbresson.fr\/index.php?rest_route=\/wp\/v2\/posts"}],"about":[{"href":"http:\/\/www.gerardbresson.fr\/index.php?rest_route=\/wp\/v2\/types\/post"}],"author":[{"embeddable":true,"href":"http:\/\/www.gerardbresson.fr\/index.php?rest_route=\/wp\/v2\/users\/1"}],"replies":[{"embeddable":true,"href":"http:\/\/www.gerardbresson.fr\/index.php?rest_route=%2Fwp%2Fv2%2Fcomments&post=245"}],"version-history":[{"count":5,"href":"http:\/\/www.gerardbresson.fr\/index.php?rest_route=\/wp\/v2\/posts\/245\/revisions"}],"predecessor-version":[{"id":393,"href":"http:\/\/www.gerardbresson.fr\/index.php?rest_route=\/wp\/v2\/posts\/245\/revisions\/393"}],"wp:attachment":[{"href":"http:\/\/www.gerardbresson.fr\/index.php?rest_route=%2Fwp%2Fv2%2Fmedia&parent=245"}],"wp:term":[{"taxonomy":"category","embeddable":true,"href":"http:\/\/www.gerardbresson.fr\/index.php?rest_route=%2Fwp%2Fv2%2Fcategories&post=245"},{"taxonomy":"post_tag","embeddable":true,"href":"http:\/\/www.gerardbresson.fr\/index.php?rest_route=%2Fwp%2Fv2%2Ftags&post=245"}],"curies":[{"name":"wp","href":"https:\/\/api.w.org\/{rel}","templated":true}]}}